{"id":420,"date":"2017-01-17T18:54:14","date_gmt":"2017-01-17T17:54:14","guid":{"rendered":"http:\/\/www.marlene.hilsenrath.de\/blog\/?p=420"},"modified":"2017-01-17T22:51:46","modified_gmt":"2017-01-17T21:51:46","slug":"die-manipulationen-des-zdf-gegen-linke-haben-tradition-diesmal-erneut-gegen-sahra-wagenknecht","status":"publish","type":"post","link":"https:\/\/marlene.hilsenrath.de\/blog\/die-manipulationen-des-zdf-gegen-linke-haben-tradition-diesmal-erneut-gegen-sahra-wagenknecht\/","title":{"rendered":"Die Manipulationen des ZDF gegen Linke haben Tradition. Diesmal (erneut) gegen Sahra Wagenknecht"},"content":{"rendered":"<p>Schon wieder manipuliert das ZDF gegen Linke, diesmal gegen Sahra Wagenknecht, und zwar mit der \u00fcblichen <a href=\"http:\/\/www.nachdenkseiten.de\/?p=28169\" target=\"_blank\">Querfront<\/a>-Strategie: Linke werden als rechts diffamiert.<br \/>\nDanke den NachDenkSeiten f\u00fcr die Aufkl\u00e4rung! Die Strategie gegen Sahra Wagenknecht wird <a href=\"http:\/\/www.nachdenkseiten.de\/?p=36545\" target=\"_blank\">hier<\/a> im Einzelnen erl\u00e4utert.<\/p>\n<p>Der Beitrag des ZDF von vorgestern (15. Januar 2017) ist <a href=\"https:\/\/www.zdf.de\/politik\/berlin-direkt\/berlin-direkt-vom-15-januar-2017-100.html\" target=\"_blank\">hier<\/a> zu finden.<br \/>\nDer ZDF-Moderator Thomas Walde behauptet in &#8222;Berlin direkt&#8220; allen Ernstes und vollkommen ungeniert: &#8222;Es ist nicht das erste Mal, das Wagenknecht rechts blinkt und dann rechts abbiegt&#8220;.<br \/>\nDer eingespielte Beitrag beschr\u00e4nkt sich auf Parteiengez\u00e4nk und blendet eine inhaltliche Auseinandersetzung gezielt aus. Und dann der abgedroschene Journalistensprech: Das Adjektiv &#8222;umstritten&#8220; reicht nicht mehr aus, es muss\u00a0gleich der Superlativ &#8222;umstrittenste&#8220; her \u2013 der Trick: es wird lediglich\u00a0darauf verwiesen, dass jemand Kritik \u00fcbt, man unterl\u00e4sst aber\u00a0die eingehende Analyse der Kritik, insbesondere, ob diese \u00fcberhaupt gerechtfertigt ist, und vermeidet, nachdem man mit Dreck geworfen hat, feige eine eigene Position. Es ist die K\u00fcbelmethode: Irgendetwas bleibt immer h\u00e4ngen.<br \/>\nDas Problem f\u00fcr das ZDF: Sahra Wagenknecht ist zu prominent, als dass man sie vollkommen \u00fcbergehen k\u00f6nnte, daher wird sie zum Interview eingeladen.<br \/>\nSahra Wagenknecht h\u00e4lt dagegen: SPD-Vorsitzender Gabriel habe in einem Interview genau dasselbe gesagt, und dar\u00fcber rege sich keiner auf.<br \/>\nWieder einmal wird mit zweierlei Ma\u00df gemessen: Mit genau derselben Aussage wird ein\/e Politiker\/in der Linken in die rechte Ecke gestellt, ein\/e Politiker\/in einer anderen Partei (SPD, Gr\u00fcne) nicht.<br \/>\nEigentlich ist genau das Gegenteil richtig: Die rot-gr\u00fcne Regierung (Schr\u00f6der\/Fischer) blinkte links, bog aber rechts ab. Mit dem <strong>gr\u00f6\u00dften Angriff auf den Sozialstaat seit Gr\u00fcndung der Bundesrepublik<\/strong> (die sogenannte &#8222;Agenda 2010&#8220;) \u2013 eigentlich ein Fall f\u00fcr den Verfassungsschutz \u2013 haben die angeblich linken Parteien SPD und Gr\u00fcne unter Federf\u00fchrung der <a href=\"http:\/\/www.marlene.hilsenrath.de\/blog\/?p=4\">Milliard\u00e4rsfamilie Mohn (Bertelsmann-Stiftung, die die Blaupause f\u00fcr die Hartz-Gesetze der Agenda 2010 entwickelte)<\/a> die Interessen der Bev\u00f6lkerung verraten, und die SPD sogar die ihrer ureigensten Klientel.<br \/>\nMit einer solchen Politik treiben SPD und Gr\u00fcne eine Entwicklung nach rechts voran, aber am wenigsten freilich Sahra Wagenknecht.<\/p>\n<p>Das Ziel der Meinungsmache gegen Sahra Wagenknecht ist offensichtlich: Die vielversprechende und beliebte Spitzenkandidatin der Linken soll diffamiert\u00a0werden. Der neoliberale Mainstream hat Angst, jemand k\u00f6nnte ihr zuh\u00f6ren, deshalb stellt man sie in die rechte Ecke, indem differenzierte Aussagen (wie auch immer man dazu stehen mag) bewusst genau so vereinfacht dargestellt werden, dass sie oberfl\u00e4chlich und auf den ersten Blick betrachtet denen von Rechten \u00e4hnlich scheinen.<br \/>\nOffenbar hat das ZDF an einer demokratischen Willensbildung \u00fcberhaupt kein Interesse mehr. Und dann wundert man sich \u00fcber das allgemeine Gerede von &#8222;Gleichschaltung&#8220;.<br \/>\nAber ungewollt ist die Manipulation ein Lob f\u00fcr Sahra Wagenknecht: Die M\u00e4chtigen haben Angst vor ihr.<\/p>\n<p>Die Manipulationen des ZDF gegen Linke haben \u00fcbrigens Tradition.<\/p>\n<ol>\n<li>Gysi klagte erfolgreich gegen ehrenr\u00fchrige <a href=\"https:\/\/www.linksfraktion.de\/presse\/pressemitteilungen\/detail\/auch-bundesgerichtshof-gibt-gysi-gegen-zdf-recht\/\" target=\"_blank\">Falschbehauptungen des ZDF<\/a>. Freiwillig lie\u00dfen die ZDF-Redakteure offensichtlich nicht von ihren Falschbehauptungen ab.<\/li>\n<li><a href=\"http:\/\/www.nachdenkseiten.de\/?p=4398\" target=\"_blank\">Peter Frey<\/a> (verstrickt mit der <a href=\"http:\/\/www.marlene.hilsenrath.de\/blog\/?p=4\">Milliard\u00e4rsfamilie Mohn, d.h. Bertelsmann<\/a>) <a href=\"http:\/\/www.nachdenkseiten.de\/?p=4087\" target=\"_blank\">manipulierte<\/a> im ZDF gegen Lafontaine. Sehr aufschlussreich sind die Analysen (<a href=\"http:\/\/www.nachdenkseiten.de\/upload\/pdf\/090723_Spiegel_ZDF_zu_Gysi_Lafo.pdf\" target=\"_blank\">lange<\/a> und <a href=\"http:\/\/www.nachdenkseiten.de\/upload\/pdf\/090723_Spiegel_ZDF_zu_Gysi_Lafo_kurz.pdf\" target=\"_blank\">kurze<\/a> Fassung).<\/li>\n<li>Markus Lanz und der unappetitliche Joerges vom &#8222;Stern&#8220; \u2013 beide \u00fcbrigens Zahlungsempf\u00e4nger der <a href=\"http:\/\/www.marlene.hilsenrath.de\/blog\/?p=4\">Milliard\u00e4rsfamilie Mohn (Bertelsmann: RTL, n-tv, VOX, Stern, Spiegel zu 25,25%, Brigitte, Geo usw.)<\/a> \u2013 <a href=\"http:\/\/www.nachdenkseiten.de\/?p=20257\" target=\"_blank\">manipulierten<\/a> im ZDF zusammen gegen Wagenknecht.<\/li>\n<\/ol>\n<p>Auch hier log das ZDF. Etwas eleganter <a href=\"https:\/\/twitter.com\/SWagenknecht\/status\/425327217304817664\" target=\"_blank\">formulierte<\/a> dies Wagenknecht: &#8222;Liebes ZDF, nach dem breiten Protest gegen Markus #Lanz\u00b4 Gespr\u00e4chsstil zu behaupten, ich sei zufrieden gewesen, ist doch etwas arg frech.&#8220;<\/p>\n","protected":false},"excerpt":{"rendered":"<p>Schon wieder manipuliert das ZDF gegen Linke, diesmal gegen Sahra Wagenknecht, und zwar mit der \u00fcblichen Querfront-Strategie: Linke werden als rechts diffamiert. Danke den NachDenkSeiten f\u00fcr die Aufkl\u00e4rung! Die Strategie gegen Sahra Wagenknecht wird hier im Einzelnen erl\u00e4utert. Der Beitrag des ZDF von vorgestern (15. Januar 2017) ist hier zu finden. Der ZDF-Moderator Thomas Walde [&hellip;]<\/p>\n","protected":false},"author":1,"featured_media":453,"comment_status":"closed","ping_status":"open","sticky":false,"template":"","format":"standard","meta":{"footnotes":""},"categories":[1],"tags":[],"class_list":["post-420","post","type-post","status-publish","format-standard","has-post-thumbnail","hentry","category-allgemein"],"_links":{"self":[{"href":"https:\/\/marlene.hilsenrath.de\/blog\/wp-json\/wp\/v2\/posts\/420","targetHints":{"allow":["GET"]}}],"collection":[{"href":"https:\/\/marlene.hilsenrath.de\/blog\/wp-json\/wp\/v2\/posts"}],"about":[{"href":"https:\/\/marlene.hilsenrath.de\/blog\/wp-json\/wp\/v2\/types\/post"}],"author":[{"embeddable":true,"href":"https:\/\/marlene.hilsenrath.de\/blog\/wp-json\/wp\/v2\/users\/1"}],"replies":[{"embeddable":true,"href":"https:\/\/marlene.hilsenrath.de\/blog\/wp-json\/wp\/v2\/comments?post=420"}],"version-history":[{"count":22,"href":"https:\/\/marlene.hilsenrath.de\/blog\/wp-json\/wp\/v2\/posts\/420\/revisions"}],"predecessor-version":[{"id":452,"href":"https:\/\/marlene.hilsenrath.de\/blog\/wp-json\/wp\/v2\/posts\/420\/revisions\/452"}],"wp:featuredmedia":[{"embeddable":true,"href":"https:\/\/marlene.hilsenrath.de\/blog\/wp-json\/wp\/v2\/media\/453"}],"wp:attachment":[{"href":"https:\/\/marlene.hilsenrath.de\/blog\/wp-json\/wp\/v2\/media?parent=420"}],"wp:term":[{"taxonomy":"category","embeddable":true,"href":"https:\/\/marlene.hilsenrath.de\/blog\/wp-json\/wp\/v2\/categories?post=420"},{"taxonomy":"post_tag","embeddable":true,"href":"https:\/\/marlene.hilsenrath.de\/blog\/wp-json\/wp\/v2\/tags?post=420"}],"curies":[{"name":"wp","href":"https:\/\/api.w.org\/{rel}","templated":true}]}}