{"id":71,"date":"2015-11-15T00:12:35","date_gmt":"2015-11-14T23:12:35","guid":{"rendered":"http:\/\/www.marlene.hilsenrath.de\/blog\/?p=71"},"modified":"2015-11-15T16:15:56","modified_gmt":"2015-11-15T15:15:56","slug":"der-neueste-angriff-auf-die-nachdenkseiten-der-ndr-manipuliert-gegen-albrecht-mueller","status":"publish","type":"post","link":"https:\/\/marlene.hilsenrath.de\/blog\/der-neueste-angriff-auf-die-nachdenkseiten-der-ndr-manipuliert-gegen-albrecht-mueller\/","title":{"rendered":"Der neueste Angriff auf die NachDenkSeiten: Der NDR demontiert sich selbst (Manipulation gegen Albrecht M\u00fcller, au\u00dferdem gegen Diether Dehm)"},"content":{"rendered":"<h2>Der Erfolg der NachDenkSeiten<\/h2>\n<p>Die\u00a0<a href=\"http:\/\/www.nachdenkseiten.de\" target=\"_blank\">NachDenkSeiten<\/a> von\u00a0Albrecht M\u00fcller sind erfolgreich \u2013 \u00e4u\u00dferst erfolgreich. Kaum ein anderes Medium deckt so sachlich fundiert die Manipulationsmethoden auf,\u00a0die von Medien gebraucht werden:<\/p>\n<ul>\n<li>Verschweigen wesentlicher Tatsachen (Halbwahrheiten), sodass ein falsches Bild entsteht,<\/li>\n<li>Botschaft A sagen, um in Wirklichkeit Botschaft B zu transportieren,<\/li>\n<li>dieselbe Botschaft aus mehreren Quellen senden, damit sie glaubw\u00fcrdiger wirkt,<\/li>\n<li>Verschleierung des hinter der Botschaft\u00a0liegenden Interesses,<\/li>\n<li>Wiederholung der immergleichen\u00a0Botschaft(en),<\/li>\n<li>die Pr\u00e4sentation eines Wissenschaftlers als Zeugen f\u00fcr die Botschaft (einer findet sich immer)<\/li>\n<li>und derlei mehr.<\/li>\n<\/ul>\n<p>So etwa die <a href=\"http:\/\/www.nachdenkseiten.de\/?p=4087\" target=\"_blank\">Manipulation gegen\u00a0Lafontaine im ZDF und gegen\u00a0Gysi im \u201eSpiegel\u201c<\/a>. Besonders eindrucksvoll ist die <a href=\"http:\/\/www.nachdenkseiten.de\/upload\/pdf\/090723_Spiegel_ZDF_zu_Gysi_Lafo.pdf\" target=\"_blank\">detaillierte Analyse einer Leserin<\/a>. Der <a href=\"http:\/\/www.nachdenkseiten.de\/?p=4398\" target=\"_blank\">Protagonist der\u00a0Manipulation gegen Lafontaine im ZDF, Peter Frey,<\/a>\u00a0ist \u00fcbrigens eng mit den Machenschaften der <a href=\"http:\/\/www.marlene.hilsenrath.de\/blog\/?p=4\" target=\"_blank\">Milliard\u00e4rsfamilie Mohn (Bertelsmann: RTL, n-tv, VOX, Stern, Spiegel zu 25,25%, Brigitte, Geo usw.)<\/a> verstrickt, deren <a href=\"http:\/\/www.marlene.hilsenrath.de\/blog\/?p=295\" target=\"_blank\">neoliberale Agenda<\/a> (und damit der Gegensatz zu Lafontaine) allgemein bekannt ist.<\/p>\n<p><a href=\"http:\/\/www.nachdenkseiten.de\/?page_id=5\" target=\"_blank\">Albrecht M\u00fcller<\/a> hatte den Wahlkampf des sozialdemokratischen Kanzlers\u00a0Willy Brandt gef\u00fchrt und\u00a0kennt daher die inneren Gesetzm\u00e4\u00dfigkeiten der Medien.\u00a0Und seine\u00a0NachDenkSeiten\u00a0erfreuen sich zunehmender Beliebtheit.<\/p>\n<p>Es geht darum, aufzudecken, wie in zunehmendem Ma\u00dfe zugunsten der Reichen und Superreichen Einfluss auf die Politik genommen wird, insbesondere durch Manipulation der \u00f6ffentlichen Meinung und damit durch Erodierung des demokratischen Prozesses. Ziele der Manipulation sind die Durchsetzung der neoliberalen (kapitalistischen) Agenda samt Nebenwirkungen: schleichende Zerst\u00f6rung des Sozialstaates (Hartz IV), Durchsetzung von Kriegseins\u00e4tzen im Ausland und alles andere, was die Superreichen beg\u00fcnstigt oder von Problemen im Inland ablenkt.<\/p>\n<p>Erst k\u00fcrzlich hatte\u00a0Albrecht M\u00fcller <a href=\"http:\/\/www.nachdenkseiten.de\/?p=28045\" target=\"_blank\">einen Prozess gegen den NDR gewonnen<\/a> und sich damit erfolgreich gegen eine Manipulation gewehrt, in der der NDR den gestandenen Sozialdemokraten allen Ernstes indirekt\u00a0in einen Bezug zu Hitler stellt.<\/p>\n<p>Als w\u00e4re das nicht peinlich genug. Aber\u00a0der\u00a0NDR f\u00e4llt nun durch <a href=\"http:\/\/www.nachdenkseiten.de\/?p=28652\" target=\"_blank\">erneute Manipulation gegen\u00a0Albrecht M\u00fcller<\/a> auf.\u00a0Anstelle sich bei\u00a0Albrecht M\u00fcller zu entschuldigen, wird einfach weitergemacht. Das NDR-&#8222;Medienmagazin&#8220; ZAPP\u00a0f\u00fchrt die\u00a0NachDenkSeiten\u00a0neben esoterischen und sogar rechtsextremen Internetportalen auf \u2013 mit der Wirkung, dass die\u00a0NachDenkSeiten\u00a0bei jedem\u00a0einigerma\u00dfen kritisch Denkenden, der keine weiteren Informationen \u00fcber die\u00a0NachDenkSeiten\u00a0hat und\u00a0sich nicht weiter informiert, diskreditiert werden. In dem <a href=\"https:\/\/www.ndr.de\/fernsehen\/sendungen\/zapp\/Luegenpresse-Medienkritik-besorgter-Buerger-,zapp9060.html\" target=\"_blank\">Beitrag (ZAPP &#8211; 11.11.2015 23:40 Uhr)<\/a>\u00a0(eine Kommentarfunktion hat der NDR auf der Internetseite wohlweislich nicht vorgesehen), den ein gewisser\u00a0Daniel Schmidth\u00e4ussler zu verantworten hat,\u00a0wird\u00a0zun\u00e4chst der AfD-Mob gezeigt, um dann ausgerechnet einen Vertreter des dauerhetzenden\u00a0Spiegel-Online (Janko Tietz) und einen drittklassigen Wissenschaftler der TU Berlin (Simon Teune) als glaubw\u00fcrdige Zeugen zu pr\u00e4sentieren.\u00a0In einem <a href=\"http:\/\/www.vocer.org\/author\/janko-tietz\/\" target=\"_blank\">Portal, auf dem der\u00a0Spiegel-Online-Vertreter selbst schreibt<\/a>, sowie aus\u00a0einem <a href=\"http:\/\/www.dwdl.de\/nachrichten\/46249\/tietz_wechselt_vom_spiegel_zu_spiegel_online\/\" target=\"_blank\">Medienmagazin<\/a>\u00a0ist zu erfahren, dass dieser nicht einmal davor zur\u00fcckgeschreckt hat, f\u00fcr ein Springerblatt wie die &#8222;Welt&#8220; zu arbeiten \u2013 auf der <a href=\"http:\/\/www.spiegel.de\/impressum\/autor-1729.html\" target=\"_blank\">entsprechenden Autorenseite des &#8222;Spiegel&#8220; wird dies verschwiegen<\/a>.<\/p>\n<p>Das allgemeine Personenkarussell in den\u00a0neoliberalen Mainstreammedien \u2013 nichts davon erf\u00e4hrt man bei ZAPP.\u00a0Nikolaus Blome, Vize-Chefredakteur der &#8222;Bild&#8220;, <a href=\"http:\/\/www.taz.de\/!5060270\/\" target=\"_blank\">wechselt 2013<\/a> in die\u00a0Chefredaktion des &#8222;Spiegel&#8220;. Dies\u00a0ist kein Einzelfall.\u00a0Patricia Dreyer, die <a href=\"http:\/\/www.onlinejournalismus.de\/2006\/12\/18\/keine-0815-personalie-patricia-dreyers-wechsel-zu-spiegel-online\/\" target=\"_blank\">&#8222;ma\u00dfgeblich am Sibel[-]Kekilli-Bashing der \u201eBild\u201c Anfang 2004 beteiligt&#8220; war, wechselte 2007\u00a0zu Spiegel Online<\/a>.\u00a0Der\u00a0Gr\u00fcndungsintendant des\u00a0Deutschlandradios (Deutschlandfunk, Deutschlandradio Kultur, DRadio Wissen),\u00a0Ernst Elitz,\u00a0<a href=\"https:\/\/de.wikipedia.org\/w\/index.php?title=Ernst_Elitz&amp;oldid=147604167#Journalistische_T.C3.A4tigkeit\" target=\"_blank\">&#8222;schreibt seit einigen Jahren regelm\u00e4\u00dfig Kommentare in der Bild[&#8230;]&#8220;<\/a>\u00a0und f\u00e4llt dort ebenso\u00a0regelm\u00e4\u00dfig durch\u00a0einschl\u00e4gige problematische\u00a0\u00c4u\u00dferungen etwa <a href=\"https:\/\/www.jungewelt.de\/2015\/02-19\/017.php\" target=\"_blank\">gegen\u00a0die linke griechische Regierung<\/a>, <a href=\"http:\/\/www.jungewelt.de\/bibliothek\/zitat\/?id=1271\" target=\"_blank\">f\u00fcr Kriegseins\u00e4tze im Ausland<\/a>, <a href=\"https:\/\/www.jungewelt.de\/bibliothek\/zitat\/?id=1421\" target=\"_blank\">gegen die muslimische Minderheit in Deutschland<\/a> und <a href=\"https:\/\/www.jungewelt.de\/2014\/10-02\/011.php\" target=\"_blank\">gegen Russland und dessen berechtigte Sicherheitsinteressen<\/a> auf, pr\u00e4sentiert mithin\u00a0die gesamte strukturell antisemitische, also hetzende neoliberale Propagandapalette gem\u00e4\u00df Bild-Niveau. Der immergleiche neoliberale Einheitsbrei, verteilt inzwischen \u00fcber die Achse\u00a0&#8222;Bild&#8220; \u2013 \u201eDeutschlandfunk\u201c\/\u201eDeutschlandradio\u201c \u2013\u00a0&#8222;Spiegel&#8220; (um nur einige der Hauptbeteiligten zu nennen), jetzt auch offensichtlich\u00a0anhand der Austauschbarkeit\u00a0des Personals. Auch dar\u00fcber erf\u00e4hrt man bei &#8222;ZAPP&#8220; nichts. Scheinbar will man sich dort\u00a0die\u00a0Karriere nicht verderben.<\/p>\n<p>Um alle\u00a0Medien jenseits des (neoliberalen) Mainstreams zu diskreditieren, werden als\u00a0alternative Internetportale (<a href=\"https:\/\/www.ndr.de\/fernsehen\/sendungen\/zapp\/Luegenpresse-Medienkritik-besorgter-Buerger-,zapp9060.html\" target=\"_blank\">O-Ton: &#8222;Das Netz ist voll mit\u00a0medienkritischen Seiten.&#8220;, Minute 2:45<\/a>)\u00a0haupts\u00e4chlich rechtspopulistische Plattformen aufgef\u00fchrt und nicht nur die linksliberalen\u00a0NachDenkSeiten dazwischengemogelt, sondern auch die rechte Zeitung &#8222;Junge Freiheit&#8220;, obwohl diese kein (oder nicht prim\u00e4r)\u00a0Internetportal ist \u2013 die Nazipostille ist eine gedruckte Zeitung und verf\u00fcgt wie jede Zeitung auch \u00fcber eine erg\u00e4nzende Internetpr\u00e4senz. Fakten z\u00e4hlen aber nicht, wenn es darum geht, die Kritiker der neoliberalen Mainstreammedien zu diskreditieren. Schon der Titel <a href=\"https:\/\/www.ndr.de\/fernsehen\/sendungen\/zapp\/Luegenpresse-Medienkritik-besorgter-Buerger-,zapp9060.html\" target=\"_blank\">&#8222;&#8218;L\u00fcgenpresse&#8216;: Medienkritik besorgter B\u00fcrger&#8220;<\/a> ist manipulativ, wenn man die\u00a0NachDenkSeiten hineinmogelt: Jeder wei\u00df, dass der Ausdruck &#8222;besorgte B\u00fcrger&#8220; ein Euphemismus f\u00fcr den hetzenden rechten AfD-Mob, die Pegida-\u00a0oder andere Abk\u00fcrzungsnazis ist. Nicht weniger manipulativ der Untertitel: <a href=\"https:\/\/www.ndr.de\/fernsehen\/sendungen\/zapp\/Luegenpresse-Medienkritik-besorgter-Buerger-,zapp9060.html\" target=\"_blank\">&#8222;Es gibt &#8218;besorgte B\u00fcrger&#8216;, die meiden die &#8218;L\u00fcgenpresse&#8216; und informieren sich lieber bei zweifelhaften &#8218;Alternativ-Medien&#8216; im Netz. Doch werden sie dort besser informiert?&#8220;<\/a> Die &#8222;Alternativ-Medien&#8220; sind allesamt &#8222;zweifelhaft&#8220; (ein Unterschied zwischen den\u00a0NachDenkSeiten und hetzenden rechten\u00a0Internetportalen wird unterschlagen), es sind ausschlie\u00dflich (so wird suggeriert) &#8222;besorgte B\u00fcrger&#8220;, also der hetzende Mob, der sich dort informiert, und nat\u00fcrlich f\u00e4llt das Etikett &#8222;L\u00fcgenpresse&#8220;, um die Kritiker ohne Ausnahme und ohne Analyse der Hintergr\u00fcnde allesamt abzustempeln und die Deutungshoheit des\u00a0neoliberalen, regierungsfreundlichen Mainstreams aufrechtzuerhalten.\u00a0Da f\u00e4llt\u00a0die schlechte sprachliche Qualit\u00e4t des Beitrags schon\u00a0\u00fcberhaupt nicht mehr auf. Statt der umgangssprachlichen Phrase &#8222;voll mit&#8220; w\u00e4re der Ausdruck &#8222;voll <strong>von<\/strong>\u00a0medienkritischen Seiten&#8220; angebracht.<\/p>\n<p>Auch ZAPP muss man wohl leider inzwischen zu den &#8222;\u00fcblichen Verd\u00e4chtigen&#8220; rechnen: Eine\u00a0der &#8222;Macher&#8220; von ZAPP (<a href=\"http:\/\/www.ndr.de\/fernsehen\/sendungen\/zapp\/wir_ueber_uns\/Die-Macher-von-ZAPP,zapp516.html\" target=\"_blank\">als 9. von 10 auf der NDR-Seite aufgef\u00fchrt<\/a>), eine gewisse\u00a0Josy W\u00fcbben, ist bereits durch eine <a href=\"http:\/\/www.ndr.de\/kultur\/geschichte\/stasi_in_niedersachsen\/Diether-Dehm-ein-Stasi-Spitzel,stasi334.html\" target=\"_blank\">an prominenter Stelle platzierte Manipulation auf den NDR-Internetseiten gegen\u00a0Diether Dehm<\/a> aufgefallen. Nicht nachweisbare Beschuldigungen werden erhoben oder rechtssicher nur als Frage, nicht als Behauptung formuliert (<a href=\"http:\/\/www.ndr.de\/kultur\/geschichte\/stasi_in_niedersachsen\/Diether-Dehm-ein-Stasi-Spitzel,stasi334.html\" target=\"_blank\">&#8222;Diether Dehm &#8211; ein Stasi-Spitzel?&#8220;<\/a>) in der Hoffnung, dass irgendetwas h\u00e4ngenbleibt \u2013 also die K\u00fcbelmethode; Entlastendes, das leicht zu recherchieren w\u00e4re, wird unterschlagen (das Ergebnis des ehemaligen hessischen Innenministers Horst Winterstein: <a href=\"http:\/\/diether-dehm.de\/index.php\/positionen\/428-fuer-die-stasi-ein-staatsfeind-fuer-gauck-auch-das-lehrstueck-dehm\" target=\"_blank\">&#8222;Diese Aussagen hatten eindeutig ergeben (was am Ende auch zur Einstellung des SPD-Ausschlu\u00dfverfahrens gegen Diether Dehm gef\u00fchrt hatte), \/ &#8211; da\u00df Diether Dehm niemals mitgeteilt wurde und er auch nicht wis\u00adsen konnte, es mit Hauptamtlichen des MfS zu tun zu haben&#8220;<\/a>), und noch mehr der eigentliche Hintergrund, die Strategie: ein linker Politiker soll diffamiert werden, damit seine (u. a. bankenkritischen) Ansichten erst gar nicht wahrgenommen werden. Auch diese werden nat\u00fcrlich vorsorglich unterschlagen. Jeder Journalist wei\u00df, was ein solcher Artikel bewirkt und wozu er dienen soll.\u00a0Dar\u00fcber\u00a0findet sich freilich im Artikel der\u00a0ZAPP-&#8222;Macherin&#8220; nichts. Allein schon den geltungsbed\u00fcrftigen und vom k\u00fcnstlerischen Niveau haltlosen Wolf Biermann als Kronzeugen zu pr\u00e4sentieren, diskreditiert die Autorin, die ausl\u00e4sst, dass <a href=\"http:\/\/diether-dehm.de\/index.php\/positionen\/428-fuer-die-stasi-ein-staatsfeind-fuer-gauck-auch-das-lehrstueck-dehm\" target=\"_blank\">&#8222;Bier\u00admann\u00a0[&#8230;] sich [&#8230;]\u00a0der rechtsextremen CDU-Vertriebenenfunktion\u00e4rin Steinbach als Kronzeuge gegen Dehm andiente&#8220;<\/a> und sich sp\u00e4ter weigerte, seine bislang nur schriftliche Erkl\u00e4rung\u00a0vor der SPD-Schiedskommission zu wiederholen und sich einigen Nachfragen auszusetzen \u2013 wahrscheinlich w\u00e4re er zu offensichtlich der L\u00fcge \u00fcberf\u00fchrt worden. Oder gar\u00a0Hubertus Knabe, der f\u00fcr\u00a0die politische Instrumentalisierung von (behaupteten) Stasi-Vorw\u00fcrfen bekannt ist; sogar aus Sicht der S\u00fcddeutschen Zeitung <a href=\"http:\/\/www.sueddeutsche.de\/politik\/hubertus-knabe-und-die-linke-nichts-als-die-wahrheit-1.390059-2\" target=\"_blank\">&#8222;verl\u00e4sst er den Boden der Wissenschaft&#8220;<\/a>. Auch das verschweigt\u00a0ZAPP-&#8222;Macherin&#8220;\u00a0Josy W\u00fcbben. Wie schrieb schon\u00a0Kurt Tucholsky:<\/p>\n<blockquote><p>Bei einem deutschen Zeitungsartikel mu\u00df man sich fragen: \u00bbWas verschweigt er?\u00ab und: \u00bbWer hat ihn daf\u00fcr auf die Schulter geklopft?\u00ab<br \/>\n(<a href=\"http:\/\/www.textlog.de\/tucholsky-schnipsel-0.html\" target=\"_blank\">Peter Panter [=\u00a0Kurt Tucholsky],\u00a0Schnipsel, in:\u00a0Die Weltb\u00fchne, 22.12.1931, Nr. 51, S. 934.<\/a>)<\/p><\/blockquote>\n<p>Auch sonst f\u00e4llt\u00a0das NDR-&#8222;Medienmagazin&#8220; ZAPP durch Opportunismus auf:\u00a0Wulff\u00a0und\u00a0Groenewold wurden nicht nur freigesprochen, sondern\u00a0die ganzen Anschuldigungen gegen sie\u00a0erwiesen sich als Medienkampagne (im Zentrum die &#8222;Bild&#8220; des Springer-Konzerns, der per Bande spielte, die anderen &#8222;Qualit\u00e4tsmedien&#8220; machten bereitwillig mit) \u2013 und <a href=\"http:\/\/www.ndr.de\/fernsehen\/sendungen\/zapp\/groenewold101.html\" target=\"_blank\">ZAPP war kein Deut besser, unterstellte\u00a0dem allgemein (nicht nur gegen\u00fcber Politikern oder Journalisten) spendablen\u00a0Groenewold\u00a0mittels plumper Suggestivfragen lediglich Eigeninteresse<\/a>. Das NDR-&#8222;Medienmagazin&#8220; ZAPP misst mit zweierlei Mass: Bei Medienhetze macht ZAPP mit, anstatt die Medien zu kritisieren.<\/p>\n<p>Oder gar die Eigentumsverh\u00e4ltnisse bei den Medien zu thematisieren, um die publizistische und damit politische Macht der Medienoligarchen (wie Mohn, Springer, Burda, Berlusconi) und deren Interessen offenzulegen?\u00a0Auf einem\u00a0Werbeplaket hie\u00df es, so wurde mir erz\u00e4hlt, so oder so \u00e4hnlich: &#8222;Diether Dehm w\u00e4hlen hei\u00dft Springer und Bertelsmann qu\u00e4len.&#8220; ZAPP-&#8222;Macherin&#8220;\u00a0Josy W\u00fcbben macht genau das Gegenteil: Sie springt auf den Mainstream auf und hetzt mit den\u00a0ihr zur Verf\u00fcgung stehenden Mitteln des NDR\u00a0gegen einen einzelnen Politiker, der genau dies, die Aufkl\u00e4rung \u00fcber Medienoligarchen, sich zur Aufgabe gemacht hat. Ein erb\u00e4rmlich\u00a0feiges Verhalten.<\/p>\n<p>Objektiv betrachtet\u00a0ist der Angriff gegen die NachDenkSeiten ein Ergebnis\u00a0ihres\u00a0Erfolges. Viel Feind, viel Ehr. Wenn aber ein \u00f6ffentlich-rechtlicher Sender wie der NDR gegen die\u00a0NachDenkSeiten\u00a0von\u00a0Albrecht M\u00fcller manipuliert, besteht die Gefahr, dass das falsche Bild in zu gro\u00dfem Ma\u00dfe in\u00a0der \u00d6ffentlichkeit Wirkung entfaltet:\u00a0Diesem\u00a0Versuch einer Diffamierung muss durch Aufkl\u00e4rung entgegengetreten werden.<\/p>\n<h2>Warum und wie manipuliert der NDR gegen die\u00a0NachDenkSeiten\u00a0von\u00a0Albrecht M\u00fcller?<\/h2>\n<p>Das Ziel der NachDenkSeiten\u00a0ist es vor allem, durch Aufkl\u00e4rung \u00fcber Methoden der Medienmanipulation einer Erosion des demokratischen Prozesses entgegenzuwirken.\u00a0Dies passt nat\u00fcrlich denen nicht, die manipulieren. Und wie \u00fcberall gibt es nat\u00fcrlich die Mitl\u00e4ufer und Nachbeter. Ich kenne aus eigener Erfahrung den &#8222;Papageien-Journalismus&#8220;, etwa anl\u00e4sslich des letzten Jubil\u00e4umsgeburtstags meines Mannes, des bekannten\u00a0Schriftstellers <a href=\"http:\/\/www.hilsenrath.de\/\" target=\"_blank\">Edgar Hilsenrath<\/a>. Eine Journalistin oder ein Journalist schreibt einen Artikel dar\u00fcber, und alle anderen schreiben mehr oder weniger w\u00f6rtlich ab (lediglich eine Lokalzeitung brachte einen eigenst\u00e4ndigen Artikel).<\/p>\n<p>Es gibt also solche, die\u00a0bewusst manipulieren, und solche, die unreflektiert oder mangels kritischem Urteilsverm\u00f6gen bestehende Auffassungen einfach \u00fcbernehmen:<\/p>\n<blockquote><p>Aber das Hauptproblem ist wohl die Tr\u00e4gheit der Nachrichtenmacher. Da nimmt man einfach ungepr\u00fcft Meldungen aus dem Internet oder von dubiosen Agenturen \u2013 dubios in dem Sinne, dass man gar nicht mehr \u00fcberpr\u00fcft, wer diese Agenturen eigentlich bezahlt und wessen Interessen sie vertreten. (<a href=\"http:\/\/www.nachdenkseiten.de\/?p=28254\" target=\"_blank\">Der Niedergang des Journalismus, Interview mit Gaby Weber<\/a>)<\/p><\/blockquote>\n<p>Die Einflussnahme auf Medien und die Schwierigkeiten bei der Aufkl\u00e4rung dar\u00fcber hatte bereits der Begr\u00fcnder der Relativit\u00e4tstheorie Albert Einstein beschrieben:<\/p>\n<blockquote><p>The result of these developments is an oligarchy of private capital the enormous power of which cannot be effectively checked even by a democratically organized political society. This is true since the members of legislative bodies are selected by political parties, largely financed or otherwise influenced by private capitalists [&#8230;]. [&#8230;] Moreover, under existing conditions, private capitalists inevitably control, directly or indirectly, the main sources of information (press, radio, education). It is thus extremely difficult, and indeed in most cases quite impossible, for the individual citizen to come to objective conclusions and to make intelligent use of his political rights. (<a href=\"http:\/\/monthlyreview.org\/2009\/05\/01\/why-socialism\/\" target=\"_blank\">Albert Einstein: Why Socialism?,\u00a01949<\/a>)<\/p><\/blockquote>\n<p>Das Internet bietet gegen\u00fcber den klassischen Medien neue M\u00f6glichkeiten, und die Aufkl\u00e4rungsarbeit der\u00a0NachDenkSeiten von Albrecht M\u00fcller ist dabei freilich einigen ein Dorn im Auge. Vor allem der Oligarchie des privaten Kapitals, wie\u00a0Albert Einstein schrieb. Und noch mehr dort, wo, wie Albrecht M\u00fcller regelm\u00e4\u00dfig betont, wirtschaftliche Macht mit publizistischer Macht zusammenfallen:<\/p>\n<ul>\n<li>in Deutschland z. B.\n<ol>\n<li>die Milliard\u00e4rsfamilie Mohn (<a href=\"http:\/\/www.marlene.hilsenrath.de\/blog\/?p=4\" target=\"_blank\">Bertelsmann: RTL,\u00a0n-tv,\u00a0VOX,\u00a0Stern,\u00a0Spiegel zu 25,25%, Brigitte,\u00a0Geo usw.<\/a>;\u00a0siehe auch: <a href=\"http:\/\/www.marlene.hilsenrath.de\/blog\/?p=295\" target=\"_blank\">&#8222;GEW: Die neoliberale Agenda von Bertelsmann&#8220;<\/a>),<\/li>\n<li>die\u00a0Milliard\u00e4rsfamilie Springer (Bild, Welt), und<\/li>\n<li>der\u00a0Milliard\u00e4r Hubert Burda\u00a0(Focus, Bunte, <a href=\"http:\/\/www.nachdenkseiten.de\/?p=28169\" target=\"_blank\">The Huffington Post<\/a>, Xing usw.).<\/li>\n<\/ol>\n<\/li>\n<li>und in Italien z. B.\n<ol>\n<li>der\u00a0Milliard\u00e4r\u00a0Silvio Berlusconi (auch ehemaliger\u00a0Ministerpr\u00e4sident Italiens).<\/li>\n<\/ol>\n<\/li>\n<\/ul>\n<p>Selten kann gegen solch geballte Medienmacht etwas ausgerichtet werden: Es waren\u00a0&#8222;einzig Willy Brandt und sein Wahlstabschef Albrecht M\u00fcller 1972 mit ihrem Gegenangriff auf Springers BILD erfolgreich&#8220; (<a href=\"http:\/\/diether-dehm.de\/index.php\/positionen\/fragen-zur-linken-hegemoniearbeit\/1045-kulturelle-gentrifizierung-oder-populaerer-antiimperialismus\" target=\"_blank\">Diether Dehm<\/a>).<\/p>\n<p>Auch b\u00fcrgerliche Leser sto\u00dfen sich inzwischen an der allzu offensichtlichen Meinungsmache. Kaum ein geringerer als der erfahrene Journalist und Publizist\u00a0<a href=\"http:\/\/www.tagesspiegel.de\/weltspiegel\/interview-mit-peter-scholl-latour-scholl-latour-ueber-die-krise-in-der-ukraine-und-edward-snowden\/9652136-2.html\" target=\"_blank\">Peter Scholl-Latour formulierte<\/a>:<\/p>\n<blockquote><p>Wir regen uns zu Recht \u00fcber die NSA auf. Aber man musste schon sehr naiv sein, um nicht zu wissen, dass diese \u00dcberwachung stattfindet. Das gr\u00f6\u00dfere Problem sind Fabriken der Desinformation, ob sie sich nun in North Carolina, London oder Israel befinden. Die zielen auf deutsche und europ\u00e4ische Medien. Und das klappt. Von der \u201etaz\u201c bis zur \u201eWelt\u201c \u2013 ein Unisono, was die Ukraine betrifft. Oder Syrien: Als man die Aufst\u00e4ndischen als die Guten und die anderen als die B\u00f6sen dargestellt hat. Dabei waren weder die einen noch die anderen gut oder b\u00f6se.<\/p><\/blockquote>\n<p>Die Strategie, die\u00a0zur <a href=\"http:\/\/www.nachdenkseiten.de\/?p=28205\" target=\"_blank\">Diffamierung<\/a> der\u00a0NachDenkSeiten\u00a0gew\u00e4hlt wird, ist die sogenannte Unterstellung einer\u00a0<a href=\"http:\/\/www.nachdenkseiten.de\/?p=28169\" target=\"_blank\">Querfront<\/a>, hier also die Gleichsetzung oder Verbindung linker und rechter politischer Orientierung bei gleichzeitiger Unterschlagung der Unterschiede.<\/p>\n<p>Allerdings\u00a0bedarf es nur eines kurzen Blicks auf\u00a0die\u00a0NachDenkSeiten, um die Unterschiede zu erkennen:<\/p>\n<ul>\n<li>Die\u00a0NachDenkSeiten\u00a0<a href=\"http:\/\/www.nachdenkseiten.de\/?p=24792\" target=\"_blank\">distanzieren<\/a> sich ausdr\u00fccklich vom Begriff &#8222;L\u00fcgenpresse&#8220; und schlagen stattdessen die Begriffe &#8222;Kampfpresse&#8220; oder &#8222;Kampagnenmedien&#8220; vor.<\/li>\n<li>Die\u00a0NachDenkSeiten kritisieren\u00a0nicht pauschal, sondern versuchen, gute und\u00a0schlechte Berichterstattung zu differenzieren und berechtigte von unberechtigter Kritik zu unterscheiden.<\/li>\n<li>Die\u00a0NachDenkSeiten analysieren die Hintergr\u00fcnde und versuchen, das jeweilige\u00a0Interesse (z.\u00a0B. die Profitorientierung der neoliberalen Agenda), das meistens verschleiert wird, offenzulegen.<\/li>\n<li>Die\u00a0NachDenkSeiten lassen Mitarbeiter der kritisierten Medien selbst mit qualitativ hochwertigen Beitr\u00e4gen zu Wort kommen und bieten damit eine\u00a0Binnenperspektive, z.\u00a0B. <a href=\"http:\/\/www.nachdenkseiten.de\/?p=24698\" target=\"_blank\">Walter van Rossum (schrieb f\u00fcr &#8222;WDR, den Deutschlandfunk, die Zeit, FAZ, FR, den Freitag und andere&#8220;)<\/a> oder <a href=\"http:\/\/www.nachdenkseiten.de\/?p=28254\" target=\"_blank\">Gaby Weber\u00a0(&#8222;die unter anderem f\u00fcr die ARD als Auslandskorrespondentin t\u00e4tig ist&#8220;)<\/a>.<\/li>\n<li>Die\u00a0NachDenkSeiten grenzen nicht aus, sondern <a href=\"http:\/\/www.nachdenkseiten.de\/?p=23436\" target=\"_blank\">suchen offen das Gespr\u00e4ch mit anderen und bieten die Zusammenarbeit an<\/a>, auch gegen\u00fcber dem\u00a0Chefredakteur der \u201cTagesschau\u201d\u00a0Dr. Kai Gniffke, <a href=\"http:\/\/meedia.de\/2014\/09\/30\/dr-kai-gniffke-die-ukraine-und-die-arroganz-der-tagesschau\/\" target=\"_blank\">obwohl dessen\u00a0Reaktion auf die allgemeine Kritik praktisch eine Bankrotterkl\u00e4rung darstellt<\/a>\u00a0und er <a href=\"http:\/\/www.ossietzky.net\/15-2014&amp;textfile=2738\" target=\"_blank\">mit seinem Begriff &#8222;Wording&#8220;<\/a> sogar eine <a href=\"https:\/\/www.jungewelt.de\/2015\/10-15\/002.php\" target=\"_blank\">Sprachregelung f\u00fcr die\u00a0Sprachregelung bei der ARD selbst<\/a> erfindet.<\/li>\n<\/ul>\n<p>Im Nachhinein erwies sich die Prognose auf den\u00a0NachDenkSeiten zu Griechenland sogar als die zuverl\u00e4ssigste, als Albrecht M\u00fcller\u00a0<a href=\"http:\/\/www.nachdenkseiten.de\/?p=24792\" target=\"_blank\">die einseitige Berichterstattung gegen die dortige linke Regierung monierte<\/a>:<\/p>\n<blockquote><p>Also, hallo, ihr Kampagnenjournalisten vom Deutschlandradio und Spiegel Online, von der Zeit und der FAZ, von der S\u00fcddeutschen, von taz und von Bild \u2026 lasst die Neuen in Griechenland erst mal arbeiten und packt eure Etiketten ein und gew\u00f6hnt euch vielleicht auch ein bisschen an ein etwas farbigeres, intelligenteres und effizienteres politisches Personal.<\/p>\n<p><em>P. S. 9:25 Uhr: Nach Lekt\u00fcre meines Textes schrieb mir ein Freund, der die Szene kennt:<\/em><\/p>\n<p><em>Er (Tsipras) wird scheitern. Weil alle Angst vor Ansteckung haben. Aber bis dahin freue ich mich \u00fcber den \u00c4rger, den Tsipras der Bande macht. Wart mal ab, was jetzt im Bl\u00e4tterwald los ist!!!<\/em><\/p><\/blockquote>\n<p>Gemeinsam ist der Kritik an den Medien von beiden Seiten lediglich der Vorwurf, es werde einseitig oder gar bewusst falsch informiert. Die\u00a0Art der Kritik und die Hintergr\u00fcnde sind vollst\u00e4ndig andere. Die\u00a0NachDenkSeiten\u00a0in einem Atemzug mit esoterischen oder gar rechtsextremen\u00a0Internetportalen zu nennen ist vergleichbar mit\u00a0dem Vorgehen, alle\u00a0diejenigen, die eine Glatze haben, als Nazis zu diffamieren. Der Versuch, die\u00a0NachDenkSeiten\u00a0von\u00a0Albrecht M\u00fcller\u00a0in die\u00a0rechte Ecke zu schieben, ist nicht nur widerw\u00e4rtig. Wer die Nazikeule schwingen muss, um jemanden zu diskreditieren, hat offensichtlich keine Argumente\u00a0mehr. Der NDR demontiert sich damit selbst.<\/p>\n<h2>Motiv: Kritik an der Medienmanipulation mundtot machen, und die DuMont-Verlagsgruppe zieht mit<\/h2>\n<p>Das Motiv ist offensichtlich und wird <a href=\"http:\/\/www.nachdenkseiten.de\/?p=28169\" target=\"_blank\">von\u00a0Jens Berger treffend formuliert<\/a>:<\/p>\n<blockquote><p>Heute hat das professionelle Trollen Konjunktur. \u201eSpiel nicht mit den Schmuddelkindern\u201c \u2026 wer sich jemals \u00f6ffentlich mit einer Person unterhalten hat, die auf der schwarzen Liste der modernen Trolle steht, gilt als Bestandteil einer \u201eQuerfront\u201c oder gleich als \u201eVerschw\u00f6rungstheoretiker\u201c. Beweise? Sind nicht n\u00f6tig, denn um Inhalte geht es ohnehin nicht. Sondern darum, kritische Stimmen aus dem linken Lager mundtot zu machen.<\/p><\/blockquote>\n<p>Den Hintergrund bildet die neoliberale Agenda: Die Reichen wollen reicher werden, und wer deren\u00a0PR-Arbeit und Propaganda behindert, wie etwa\u00a0die\u00a0NachDenkSeiten\u00a0durch ihre Aufkl\u00e4rungsarbeit, st\u00f6rt.<\/p>\n<p>Da wundert es auch nicht mehr, wenn andere ins gleiche Horn blasen: In einem Artikel der\u00a0DuMont-Verlags\u00adgruppe\u00a0wird versucht, die\u00a0NachDenkSeiten\u00a0<a href=\"http:\/\/www.nachdenkseiten.de\/?p=28205\" target=\"_blank\">mittels der Querfront-Strategie zu diffamieren<\/a>. Unabsichtlich\u00a0verr\u00e4t der Autor\u00a0dabei die fortgeschrittene Medienkonzentration: Derselbe Artikel erscheint in der\u00a0<a href=\"http:\/\/www.fr-online.de\/politik\/nachdenkseiten-die-anti-luegenpresse-front,1472596,32314018.html\" target=\"_blank\">Frankfurter Rundschau<\/a>, in der\u00a0<a href=\"http:\/\/www.berliner-zeitung.de\/medien\/-nachdenkseiten--die-fragwuerdige-anti-luegenpresse-front-,10809188,32317668.html\" target=\"_blank\">Berliner Zeitung<\/a>, im\u00a0<a href=\"http:\/\/www.ksta.de\/medien\/-nachdenkseiten--die-fragwuerdige-anti-luegenpresse-front-,15189656,32317668.html\" target=\"_blank\">K\u00f6lner Stadt-Anzeiger<\/a>\u00a0und in der\u00a0<a href=\"http:\/\/www.mz-web.de\/medien\/-nachdenkseiten--die-fragwuerdige-anti-luegenpresse-front-,26557340,32317668.html\" target=\"_blank\">Mitteldeutschen Zeitung<\/a>, die allesamt zur\u00a0DuMont-Verlags\u00adgruppe geh\u00f6ren, die\u00a0zuletzt durch die\u00a0<a href=\"http:\/\/www.sueddeutsche.de\/medien\/verlag-konstantin-neven-dumont-konstantingate-verleger-zieht-sich-nach-blog-affaere-zurueck-1.1015261\" target=\"_blank\">&#8222;Konstantingate&#8220;-Aff\u00e4re<\/a>\u00a0von sich <a href=\"http:\/\/www.sueddeutsche.de\/medien\/blog-affaere-um-dumont-quasseln-bis-zum-entsetzen-1.1013774\" target=\"_blank\">reden gemacht hatte<\/a>.\u00a0In drei der Zeitungen\u00a0wird sogar dieselbe Fotocollage verwendet.<\/p>\n<p>Der <a href=\"http:\/\/www.neues-deutschland.de\/artikel\/990255.medienkritik-oder-gegenpropaganda.html\" target=\"_blank\">Artikel der Zeitung Neues Deutschland<\/a>\u00a0prangert zwar an, dass die Ver\u00f6ffentlichung &#8222;in die Kategorie &#8218;kollektive Ausgrenzung\u2018\u00a0&#8220; falle.\u00a0Er schw\u00e4chelt aber in seiner Analyse des Vorgangs darin, dass er nicht die zur Diffamierung dienende dahinterliegende\u00a0<a href=\"http:\/\/www.nachdenkseiten.de\/?p=28169\" target=\"_blank\">Querfront-Strategie<\/a> erkl\u00e4rt, und damit letztlich nur die\u00a0Oberfl\u00e4che widerspiegelt. Au\u00dferdem war es kein Kollektiv, sondern nur dieselbe\u00a0Manipulation lediglich der\u00a0DuMont-Verlags\u00adgruppe in mehreren seiner offenbar mittlerweile austauschbaren Printtitel.<\/p>\n<p>Weil offensichtlich in den Online-Leserkommentaren\u00a0in der\u00a0<a href=\"http:\/\/www.fr-online.de\/politik\/nachdenkseiten-die-anti-luegenpresse-front,1472596,32314018.html\" target=\"_blank\">Frankfurter Rundschau<\/a>\u00a0und in der\u00a0<a href=\"http:\/\/www.berliner-zeitung.de\/medien\/-nachdenkseiten--die-fragwuerdige-anti-luegenpresse-front-,10809188,32317668.html\" target=\"_blank\">Berliner Zeitung<\/a> dieser\u00a0Artikel eines gewissen\u00a0Steven Geyer von den Lesern eindeutig und mehrheitlich als <a href=\"http:\/\/www.fr-online.de\/politik\/nachdenkseiten-die-anti-luegenpresse-front,1472596,32314018.html#comment-2338746756\" target=\"_blank\">&#8222;billige Hetze&#8220;<\/a> und\u00a0<a href=\"http:\/\/www.fr-online.de\/politik\/nachdenkseiten-die-anti-luegenpresse-front,1472596,32314018.html#comment-2340906490\" target=\"_blank\">&#8222;als zweckm\u00e4\u00dfiges Beispiel f\u00fcr eine \u201anach hinten\u2018 losgegangene Kritik am politischen Gegner&#8220;<\/a> erkannt wird, ist in der Frankfurter Rundschau die <a href=\"http:\/\/www.fr-online.de\/politik\/nachdenkseiten-die-anti-luegenpresse-front,1472596,32314018.html\" target=\"_blank\">Kommentarfunktion vorsorglich geschlossen (&#8222;Diese Diskussion wurde bereits geschlossen. Kommentieren ist nicht mehr m\u00f6glich.&#8220;)<\/a>, wie \u00fcbrigens auch schon f\u00fcr alle Artikel in\u00a0der\u00a0<a href=\"http:\/\/www.nachdenkseiten.de\/?p=23220\" target=\"_blank\">S\u00fcddeutschen Zeitung<\/a>. Der Leser soll gef\u00e4lligst glauben, was diktiert wird, eine Diskussion ist unerw\u00fcnscht.<\/p>\n<p>\u00c4hnlich besch\u00e4mend, <a href=\"http:\/\/www.nachdenkseiten.de\/?p=28177\" target=\"_blank\">wie der\u00a0\u00f6ffentlich-rechtliche Rundfunk mit dem Komiker und Schauspieler Dieter Hallervorden umgeht<\/a>. Weil den Sendern\u00a0dessen Geburtstagslied &#8222;Ihr macht mir Mut (in dieser Zeit)&#8220;\u00a0(<a href=\"https:\/\/www.youtube.com\/watch?v=emS66UBx7bs\" target=\"_blank\">Link zum Video<\/a>) zu kritisch ist, wird es nicht gesendet, also praktisch zensiert. Darin hatte\u00a0Hallervorden die typische Diffamierungsstrategie mit Hilfe entsprechender\u00a0Etikettierungen (&#8222;anti-amerikanisch&#8220;, &#8222;Antisemit&#8220;), vorgeschobene Rechtfertigungen (Panzerlieferung an Saudi-Arabien aus &#8222;Solidarit\u00e4t&#8220;) sowie das inzwischen allgemein niedrige Niveau der politischen Berichterstattung bzw. des Kampagnenjournalismus in den Zeitungen\u00a0<a href=\"http:\/\/www.nachdenkseiten.de\/?p=28177\" target=\"_blank\">aufs Korn genommen<\/a>:<\/p>\n<blockquote><p>(auszugsweise:)<br \/>\nDenn allein in diesen Zeiten\u00a0\/\u00a0gegen L\u00fcgenprofis fighten,\u00a0\/\u00a0f\u00fchlt man sich ganz oft beschissen.\u00a0\/\u00a0Dann war&#8217;s gut, Euch nah zu wissen.\u00a0\/\u00a0&#8230;\u00a0\/\u00a0Israel macht Mauerbau:\u00a0\/\u00a0SED Ideenklau!\u00a0\/\u00a0Waffenhandel, Drohnenmord,\u00a0\/\u00a0sind der Schlager im Export.\u00a0\/\u00a0Und kein R\u00fcstungsspekulant\u00a0\/\u00a0hat je den Willy Brandt gekannt.\u00a0\/\u00a0Faule Griechen ohne Dank\u00a0\/\u00a0an die &#8222;gute&#8220; Deutsche Bank.\u00a0\/\u00a0Saudipanzer bringen Geld,\u00a0\/\u00a0was die Arbeitspl\u00e4tze h\u00e4lt.\u00a0\/\u00a0Wenn&#8217;s in nahen Osten geht,\u00a0\/\u00a0dann aus &#8222;Solidarit\u00e4t&#8220;!\u00a0\/\u00a0&#8230;\u00a0\/\u00a0Saurer Regen, was war das?\u00a0\/\u00a0Tschernobyl, da war doch was?\u00a0\/\u00a0\u00dcber alle Strahlen muss jetzt Gras gewachsen sein.\u00a0\/\u00a0Rieseneisberg sinkt ins Meer,\u00a0\/\u00a0da m\u00fcssen schnell f\u00fcnf Talkshows her,\u00a0\/\u00a0so zerbr\u00f6selt und zerschw\u00e4tzt man Katastrophen klein.\u00a0\/\u00a0&#8230;\u00a0\/\u00a0Trinkwasser wird zum Profit,\u00a0\/\u00a0Nestl\u00e9 macht da gerne mit.\u00a0\/\u00a0&#8230;\u00a0\/\u00a0Wenn die B\u00f6rse wieder kracht,\u00a0\/\u00a0ewig bleibt die Bankenmacht.\u00a0\/\u00a0Willst du &#8217;nen offnes Wort riskieren,\u00a0\/\u00a0Spekulanten kritisieren,\u00a0\/\u00a0h\u00e4ngt ein Shitstorm gleich an dir.\u00a0\/\u00a0Magst du Netanjahu nit,\u00a0\/\u00a0bist du schnell Antisemit.\u00a0\/\u00a0Supercoole Rufmordprofis,\u00a0\/\u00a0f\u00fcr die sind wir alle Doofies.\u00a0\/\u00a0Immer eilen, nicht lang feilen,\u00a0\/\u00a0geil auf geile Totschlagzeilen.\u00a0\/\u00a0&#8230;\u00a0\/\u00a0&#8230;\u00a0Gottseidank,\u00a0\/\u00a0darf der Snowden nicht ins Land,\u00a0\/ \u00a0blo\u00df nicht in den Zeugenstand.\u00a0\/\u00a0&#8230;\u00a0\/\u00a0So wird Freiheit neu gedacht,\u00a0\/\u00a0auch vom BND bewacht.\u00a0\/\u00a0Du musst, sieht du das nicht ein,\u00a0\/\u00a0anti-amerikanisch sein.\u00a0\/\u00a0&#8230;\u00a0\/\u00a0So steht&#8217;s in der Zeitung drin,\u00a0\/\u00a0was glauben die denn, wie bl\u00f6d\u00a0wir sind?<br \/>\n(und dann zum Publikum:)<br \/>\nIhr macht mir Mut in dieser Zeit,\u00a0\/\u00a0es tut einfach gut, dass ihr hier seid.<\/p><\/blockquote>\n<p>Auch hier wird versucht, einen Kritiker, der etwas zu sagen hat, mundtot zu machen. Die \u00f6ffentlich-rechtlichen Sender lassen das Lied\u00a0unter den Tisch fallen und laden\u00a0Dieter Hallervorden lieber wieder aus, als dass offensichtliche Widerspr\u00fcche in der allgemeinen &#8222;Berichterstattung&#8220; allzu deutlich\u00a0benannt\u00a0werden. Und auch\u00a0gegen\u00a0Hallervorden greift die Querfront-Strategie. Weil ein Blogger die klassischen Etikettierungen wiedererkennt, aber die Hintergr\u00fcnde nicht versteht oder verstehen will, r\u00fcckt er entgegen allen Regeln der Logik\u00a0Dieter Hallervorden in die rechte Ecke:\u00a0Hallervorden wolle <a href=\"https:\/\/kosmologelei.wordpress.com\/2015\/09\/13\/ihr-macht-mir-mut\/\" target=\"_blank\">&#8222;auf [&#8230;]\u00a0alle Z\u00fcge aufspringen: L\u00fcgen\u00adpres\u00adse, Israel, anti-amerikanisch&#8220;<\/a>, und werde daf\u00fcr <a href=\"https:\/\/kosmologelei.wordpress.com\/2015\/09\/13\/ihr-macht-mir-mut\/\" target=\"_blank\">&#8222;von den Rechten ge\u00adfei\u00adert&#8220;<\/a>\u00a0(was der Blogger nur behauptet, allerdings nicht belegt). Es reicht lediglich, einige Vokabeln aus der aktuellen neoliberalen Propaganda in den Mund zu nehmen und in Frage zu stellen, und schon wird Hallervorden abqualifiziert. Die Logik der Sache wird der sozialen Logik untergeordnet:\u00a0Wenn jemand die Wahrheit ausspricht,\u00a0ist er auch noch Schuld, wenn er von der falschen Seite Beifall erh\u00e4lt.\u00a0Der Blogger f\u00e4llt in jeglicher\u00a0Hinsicht\u00a0auf die von\u00a0Hallervorden benannte Strategie der &#8222;Rufmordprofis&#8220; herein.\u00a0Es bleibt unsere Aufgabe, Manipulationsstrategien wie die in diesem kleinen Beispiel eines Bloggers gegen\u00a0Dieter Hallervorden wirksam gewordene\u00a0Querfront-Strategie zu entkr\u00e4ften, indem\u00a0sie benannt und offengelegt wird.<\/p>\n<p>Bei\u00a0dieser allgemeinen Entwicklung in den deutschen Medien f\u00e4llt es schwer, nicht mehr von\u00a0Gleichschaltung zu sprechen \u2013 die freiwillige Selbstgleichschaltung vieler Journalisten aufgrund finanzieller Abh\u00e4ngigkeit, vorauseilendem Gehorsam\u00a0oder einfach auch nur Tr\u00e4gheit ist\u00a0wahrscheinlich effektiver als so manche offene stalinistische staatliche Repression.<\/p>\n<p>Presse und Rundfunk sind als vierte Gewalt der Demokratie in Deutschland praktisch ausgefallen.\u00a0In der Medienkampagne gegen Christian Wulff haben die Medien\u00a0nicht aufgekl\u00e4rt, sondern die vom Springer-Konzern, vor allem von &#8222;Bild&#8220;, ausgehenden st\u00e4ndigen\u00a0Attacken nicht nur\u00a0passiv hingenommen, sondern bereitwillig unterst\u00fctzt. Kein Vorwurf war absurd, keine Verletzung pers\u00f6nlicher und intimer Grenzen gro\u00df genug, um nicht verbreitet zu werden.\u00a0Aufgrund der massiven Manipulation durch die Medien ist\u00a0praktisch ein Verfassungsorgan, der Bundespr\u00e4sident, gest\u00fcrzt worden. Wulffs\u00a0Fehler waren wohl seine S\u00e4tze: <a href=\"http:\/\/www.handelsblatt.com\/politik\/deutschland\/wulff-rede-im-wortlaut-der-islam-gehoert-zu-deutschland-seite-3\/3553232-3.html\" target=\"_blank\">&#8222;Aber der Islam geh\u00f6rt inzwischen auch zu Deutschland. (&#8230;) Neuer Zusammenhalt in der Gesellschaft ist nur m\u00f6glich, wenn sich kein St\u00e4rkerer entzieht und kein Schw\u00e4cherer ausgegrenzt wird.&#8220;<\/a> H\u00e4tte er gegen Muslime gehetzt, w\u00e4re\u00a0Springers\u00a0&#8222;Bild&#8220; auf seiner Seite gewesen.\u00a0Christian Wulff kam dem Gesch\u00e4ftsmodell von &#8222;Bild&#8220; \u2013 Hetze \u2013 und damit der Milliard\u00e4rin und Medienoligarchin\u00a0Friede Springer\u00a0in die Quere.\u00a0Schon\u00a0Georg Schramm formulierte\u00a0(<a href=\"https:\/\/www.youtube.com\/watch?v=MVRauiWsfB0\" target=\"_blank\">Link zum Video<\/a>,\u00a0Minute 3:52 &#8211; 4:32; hier\u00a0<a href=\"https:\/\/www.youtube.com\/watch?v=c1WIJQOaMsI\" target=\"_blank\">Link zum Video Teil 1<\/a> und <a href=\"https:\/\/www.youtube.com\/watch?v=EFlRxAEHjQQ\" target=\"_blank\">zur letzten Folge von <em>Neues aus der Anstalt<\/em><\/a>):<\/p>\n<blockquote><p>Die m\u00e4chtigsten beiden Frauen in diesem Land sind Liz Mohn und Friede Springer: Bertelsmann und Bild-Konzern. [&#8230;] Eine Handbewegung von Friede Springer gen\u00fcgt, und die Lohnschreiber werden die Kanzlerin endg\u00fcltig vom Thron holen und werfen sie ihrer eigenen Partei zum Fra\u00df vor. [&#8230;] Die wahrhaft M\u00e4chtigen sind gewiss, dass sie die Gunst des Volkes schon verloren haben, das macht die Kanzlerin so wertvoll. Denn solange sie die Gunst des Volkes hat, solange wird sie gebraucht.<\/p><\/blockquote>\n<p>Wenn Wolfgang Lieb seinen R\u00fcckzug aus den\u00a0NachDenkSeiten\u00a0damit begr\u00fcndet, er k\u00f6nne <a href=\"http:\/\/www.nachdenkseiten.de\/?p=28063\" target=\"_blank\">&#8222;undifferenzierte und einseitige Schuldzuschreibungen&#8220; oder die &#8222;pauschale[ ] Aburteilung &#8218;der&#8216; Medien als &#8218;Kampfpresse'&#8220;<\/a> nicht mittragen, so will ich entgegnen:\u00a0Meine Kritik (und die der\u00a0NachDenkSeiten\u00a0von\u00a0Albrecht M\u00fcller) an den Medien ist nicht pauschal.<\/p>\n<p>Angesichts dieser Entwicklung f\u00fchlt man sich unwillk\u00fcrlich an den Beginn des Vortrages von Volker Pispers \u00fcber die US-Au\u00dfenpolitik (<a href=\"https:\/\/www.youtube.com\/watch?v=AdIkTNnnBFo\" target=\"_blank\">Link zum Video<\/a>, dort\u00a0Minute 1:21 bis\u00a01:32)\u00a0erinnert:<\/p>\n<blockquote><p>Der Kanzler hat es ja mehrfach offen gesagt. Er hat gesagt: Wir sollen nicht in einen oberfl\u00e4chlichen Antiamerikanismus abgleiten. &#8211; Aber: meiner ist gar nicht oberfl\u00e4chlich.<\/p><\/blockquote>\n<p>Die Differenz ist wohl dem\u00a0Glauben geschuldet, man k\u00f6nne\u00a0noch mit diesen Medien zusammenarbeiten. Ich glaube dies nicht mehr.<\/p>\n<p>Walter van Rossum <a href=\"http:\/\/www.nachdenkseiten.de\/?p=24698\" target=\"_blank\">formuliert<\/a>:<\/p>\n<blockquote><p>Mich fasziniert geradezu, wie der selbsternannte Qualit\u00e4tsjournalismus aktuell schier unirritierbar im Rudel und mit gro\u00dfer Geschwindigkeit Richtung Abgrund prescht. Dass den Kapitaleignern der gro\u00dfen Medienholdings immer nur qualitatives Downgraden einf\u00e4llt, erstaunt mich hingegen wenig. Es zeigt nur, dass die bestehenden Besitzverh\u00e4ltnisse und mediale Qualit\u00e4t nicht zusammenpassen.<br \/>\n[&#8230;]<br \/>\nIch bin ja durch und durch von diesen klassischen Medien gepr\u00e4gt. Aber wenn ich heute den Spiegel lese oder die Tagesthemen anschaue, dann bin ich kein Konsument erster Ordnung mehr, der einfach wissen will, was in der Welt geschieht und glaubt, das in diesen Medien finden zu k\u00f6nnen, sondern ein Beobachter zweiter Ordnung, den nur noch interessiert, was wollen die uns denn heute zu sehen geben, was sollen wir wie verstehen und was gar nicht erst wissen. Kurzum, mich interessieren diese klassischen Organe einer wahrscheinlich immer schon fiktiven \u00d6ffentlichkeit nur noch als Produzenten und Vermittler des Weltbildes der b\u00fcrgerlichen Mitte, die, wie man wei\u00df, inzwischen etwa 95 Prozent der politischen Lufthoheit beansprucht[,] w\u00e4hrend der verbleibende Rest bereits der freundlichen Beobachtung durch den Verfassungsschutz unterliegt.<br \/>\n[&#8230;]<br \/>\nNun, neu ist, dass ein nicht genau bezifferbarer, aber meiner Einsch\u00e4tzung nach erheblicher Teil des Publikums inzwischen gegen \u201eseine\u201c Medien rebelliert. Diese Tatsache ist dabei ebenso \u00fcberraschend wie der Anlass selbst: n\u00e4mlich die Berichterstattung \u00fcber die Ukraine. Es ist ja nicht so, dass diese Kritiker alle Ukraine-Experten w\u00e4ren, und gewiss sind sie auch keine Putin-Fans. Aber jeder halbwegs aufmerksame Zuschauer oder Leser scheint unweigerlich zu verstehen, dass diese Berichterstattung bis ins Detail alle Merkmale der Propaganda erf\u00fcllt. Tats\u00e4chlich haben wir es ja mit einer Orgie von Enten, Fehleinsch\u00e4tzungen und grotesken Einseitigkeiten zu tun, die selbst mich noch verbl\u00fcfft hat. Aber ich habe auch das Gef\u00fchl, das Publikum oder wenigstens ein Teil desselben sucht jetzt den Bruch, versteht, dass diese Medien Teil des Problems und keineswegs L\u00f6sung sind. Die einzigen, die in ihrer unvorstellbareren Grandezza von diesem Bruch komplett \u00fcberrascht worden sind, das sind die Medienarbeitenden selbst. Was wiederum viel \u00fcber deren Art, die Welt zu sehen, sagt. Und das ist sozusagen neu: Dass auf der einen Seite das Ausma\u00df der Propaganda so immens zugenommen hat \u2013 und dass das inzwischen dem Volk auch nicht mehr entgeht und es sich hiergegen zu wehren begonnen hat.<br \/>\n[&#8230;]<br \/>\nAlso, ich will einmal so sagen: Es gibt einen ganz einfachen Grund, warum es heute <em>besonders<\/em> leicht ist, Enten in Umlauf zu bringen: Bis vor etwa 20 Jahren gab es in der medialen \u00d6ffentlichkeit n\u00e4mlich noch einen bemerkenswerten Pluralismus. Der ist aber gemeinsam[\u00a0] mit dem parlamentarischen Pluralismus mehr und mehr verschwunden. Und das f\u00fchrt uns zu der Kardinals\u00fcnde des real existierenden Journalismus: Seine Anlehnung an die herrschenden politischen Interessen und Programme.<br \/>\n[&#8230;]<br \/>\nKurzum, in aller Regel sind Journalisten keine Menschen, die sich dem Tumult des Realen sowie Wagnis einer eigenen Analyse aussetzen. Nach meiner Erfahrung sind Journalisten eher Menschen, die geradezu Angst vor der dunklen Unruhe des Realen haben und sich lieber an gerade irgendwie geltende Sprachregelungen, Normen und Konventionen halten und dabei geradezu verzweifelt in schlichten und bin\u00e4ren Erkl\u00e4rungsmustern Rettung suchen, also einem Denken etwa in Gut vs. B\u00f6se, Freund vs. Feind usw. usf.<br \/>\n[&#8230;]<br \/>\nViele Leute sprechen heute wieder von einer Gleichschaltung der Medien. Das kann ich in gewisser Weise verstehen \u2013 so sieht es ja auch aus. So einfach ist es aber leider nicht. Wie funktioniert diese Gleichschaltung denn? Und wer schaltet da?<\/p>\n<p>Am konkreten Beispiel: Warum [p]fuschen Journalisten bei der Berichterstattung \u00fcber die Ukraine so, dass der einfache Zuschauer aus dem Fernsehsessel kippt? [&#8230;]\u00a0Der typische Medienmensch heute glaubt, den Auftrag der Objektivit\u00e4t erf\u00fcllt er dadurch am besten, wenn er sich an die Vorgaben der b\u00fcrgerlichen Mitte h\u00e4lt. Was wir hier konstatieren m\u00fcssen, ist also mehr eine Selbst-Gleichschaltung und \u2013Unterwerfung der Journalisten denn so etwas wie eine konstatierte Aktion.<br \/>\n[&#8230;]<br \/>\nEs gibt schon deutlich Wirkung. Bl\u00e4tter von Bild bis FAZ haben teilweise \u00fcber zehn Prozent Auflagenverluste. Aber ich glaube alles in allem nicht, dass das System der alten \u00d6ffentlichkeit rehabilitierbar ist, ich halte es nicht einmal f\u00fcr w\u00fcnschenswert.<\/p>\n<p>Irgendwie durchlebt die Gesellschaft gerade einen medienkritischen Crashkurs \u2013 was nach Jahren der medienkritischen \u00d6de auch dringend n\u00f6tig war. Dabei haben wir schon eines gelernt, was ich f\u00fcr gro\u00dfartig halte, n\u00e4mlich das mediale Improvisieren. Wir basteln uns gerade \u2013 jeder auf seine Art \u2013 die Informationen zusammen, die wir brauchen. Und darin steckt in meinen Augen schon so etwas wie eine Skizze der medialen Zukunft. Ich finde die Chancen aufregender als die Klage \u00fcber die Verluste.<\/p><\/blockquote>\n<p>Volker Br\u00e4utigam beginnt seinen <a href=\"http:\/\/www.ossietzky.net\/15-2014&amp;textfile=2738\" target=\"_blank\">Artikel &#8222;Gniffkes Kniffe&#8220;<\/a> wie folgt:<\/p>\n<blockquote><p>Knapp vor 20 Uhr sendet <em>Das Erste<\/em> manchmal folgenden Werbespot: \u00bbInformation schafft das Klima f\u00fcr eine bessere Zukunft \u2013 <em>ARD<\/em>.\u00ab Das wirkt wie die Fernsehreklame mit dem Chefkoch, der seinen erwartungsfrohen G\u00e4sten bei klassischer Musik und Kerzenschein eine k\u00f6stliche Bouillon reicht. Gleich nach Gongschlag, Ansage und Erkennungsmelodie bekommst du allerdings <em>ARD<\/em>-aktuell-Chefredakteur Gniffkes \u00bbTagesschau\u00ab vorgesetzt. Statt einer Bouillon vom Feinsten d\u00fcnne Einheitsbr\u00fche. Schluck sie gef\u00e4lligst und n\u00e4hre damit deine Illusion vom rundum informierten Demokraten.<\/p>\n<p>In unserer kapitalistischen Gesellschaft ist auch die Information blo\u00df Ware, mit der die Geldaristokratie profitable Gesch\u00e4fte macht. Mohn, Springer, Burda, Madsack, Plattner, Thiel, Haub, Gruner, Jahr, Holtzbrinck, Grothkamp, Donnermuth, Str\u00fcngmann und so weiter. Allesamt Milliard\u00e4re \u2013 und einige zugleich Anteilseigner unserer den Nachrichtenhandel beherrschenden <em>Deutsche Presse-Agentur GmbH (dpa)<\/em>. Jenes Kommerzinstituts also, das eine Tradition von Falschmeldungen und konformistischer Regierungsn\u00e4he hat. Und das trotzdem \u2013 oder gerade deshalb? \u2013 Hauptlieferant aller Nachrichtenverwurster geblieben ist.<\/p><\/blockquote>\n<p>Albrecht M\u00fcller <a href=\"http:\/\/www.nachdenkseiten.de\/?p=20257\" target=\"_blank\">schreibt<\/a>:<\/p>\n<blockquote><p>Ohne Zweifel gibt es in deutschen Medien gute und auch kritische Artikel. Aber diese sind leider ziemlich irrelevant, weil die gro\u00dfen Linien der politischen Strategen konsequent durchgehalten und verfolgt werden.<br \/>\n[&#8230;]<br \/>\nDie Ausnahmen best\u00e4tigen die Regel. Das ist in diesem Zusammenhang nicht nur eine g\u00e4ngige Formulierung sondern w\u00f6rtlich richtig: die Ausnahmen erh\u00f6hen die Glaubw\u00fcrdigkeit dieser Medien insgesamt.<\/p><\/blockquote>\n<p>Albrecht M\u00fcller zog in diesem Artikel noch nicht ausdr\u00fccklich die Konsequenz: <strong>Eine Zusammenarbeit ist nicht mehr sinnvoll, da man diesen Medien durch einzelne gute Beitr\u00e4ge (oder die Kooperation allgemein)\u00a0Glaubw\u00fcrdigkeit verleiht, die diese f\u00fcr ihre (neoliberalen) Strategien missbrauchen.<\/strong><\/p>\n","protected":false},"excerpt":{"rendered":"<p>Der Erfolg der NachDenkSeiten Die\u00a0NachDenkSeiten von\u00a0Albrecht M\u00fcller sind erfolgreich \u2013 \u00e4u\u00dferst erfolgreich. Kaum ein anderes Medium deckt so sachlich fundiert die Manipulationsmethoden auf,\u00a0die von Medien gebraucht werden: Verschweigen wesentlicher Tatsachen (Halbwahrheiten), sodass ein falsches Bild entsteht, Botschaft A sagen, um in Wirklichkeit Botschaft B zu transportieren, dieselbe Botschaft aus mehreren Quellen senden, damit sie glaubw\u00fcrdiger [&hellip;]<\/p>\n","protected":false},"author":1,"featured_media":216,"comment_status":"closed","ping_status":"open","sticky":false,"template":"","format":"standard","meta":{"footnotes":""},"categories":[1],"tags":[],"class_list":["post-71","post","type-post","status-publish","format-standard","has-post-thumbnail","hentry","category-allgemein"],"_links":{"self":[{"href":"https:\/\/marlene.hilsenrath.de\/blog\/wp-json\/wp\/v2\/posts\/71","targetHints":{"allow":["GET"]}}],"collection":[{"href":"https:\/\/marlene.hilsenrath.de\/blog\/wp-json\/wp\/v2\/posts"}],"about":[{"href":"https:\/\/marlene.hilsenrath.de\/blog\/wp-json\/wp\/v2\/types\/post"}],"author":[{"embeddable":true,"href":"https:\/\/marlene.hilsenrath.de\/blog\/wp-json\/wp\/v2\/users\/1"}],"replies":[{"embeddable":true,"href":"https:\/\/marlene.hilsenrath.de\/blog\/wp-json\/wp\/v2\/comments?post=71"}],"version-history":[{"count":313,"href":"https:\/\/marlene.hilsenrath.de\/blog\/wp-json\/wp\/v2\/posts\/71\/revisions"}],"predecessor-version":[{"id":418,"href":"https:\/\/marlene.hilsenrath.de\/blog\/wp-json\/wp\/v2\/posts\/71\/revisions\/418"}],"wp:featuredmedia":[{"embeddable":true,"href":"https:\/\/marlene.hilsenrath.de\/blog\/wp-json\/wp\/v2\/media\/216"}],"wp:attachment":[{"href":"https:\/\/marlene.hilsenrath.de\/blog\/wp-json\/wp\/v2\/media?parent=71"}],"wp:term":[{"taxonomy":"category","embeddable":true,"href":"https:\/\/marlene.hilsenrath.de\/blog\/wp-json\/wp\/v2\/categories?post=71"},{"taxonomy":"post_tag","embeddable":true,"href":"https:\/\/marlene.hilsenrath.de\/blog\/wp-json\/wp\/v2\/tags?post=71"}],"curies":[{"name":"wp","href":"https:\/\/api.w.org\/{rel}","templated":true}]}}